{"id":190,"date":"2019-01-02T15:55:56","date_gmt":"2019-01-02T15:55:56","guid":{"rendered":"http:\/\/www.stiketsfamily.pt\/?p=190"},"modified":"2021-07-27T12:31:24","modified_gmt":"2021-07-27T11:31:24","slug":"como-lidar-primeiro-dia-na-creche","status":"publish","type":"post","link":"https:\/\/www.stikets.pt\/blog\/como-lidar-primeiro-dia-na-creche\/","title":{"rendered":"Como lidar com o primeiro dia na creche"},"content":{"rendered":"<p>Tens guardada esta data desde o dia em que foi decidido que iria para a creche e e est\u00e1s constantemente a perguntar-te: <strong>como vou lidar com o seu primeiro dia na creche ou infant\u00e1rio? <\/strong>Depois de estar 24 horas com o teu beb\u00e9, <strong>parece imposs\u00edvel pensar que a contagem decrescente para que se tenham que separar j\u00e1 tenha come\u00e7ado. \u00a0<\/strong><\/p>\n<p>A verdade \u00e9 que desde que nasceu que o <strong>teu beb\u00e9 j\u00e1 \u00e9 uma pessoa em processo de ser independente.<\/strong> A nossa miss\u00e3o \u00e9 ajud\u00e1-lo a tornar-se cada vez mais aut\u00f3nomo, o que ir\u00e1 ser um processo de aprendizagem para ambos.<\/p>\n<p>Talvez n\u00e3o tenhas pensado nisso, mas estas d\u00favidas sobre o primeiro dia est\u00e3o presentes s\u00f3 na tua cabe\u00e7a, n\u00e3o da dele e assim podes acabar com elas de uma forma efetiva e <strong>fazer com que esta seja uma experi\u00eancia que vos una ainda mais<\/strong><\/p>\n<p><a href=\"https:\/\/www.stikets.pt\/etiquetas-pt\/fitas-para-pendurar\/fitas-personalizaveis-com-fecho.html\"><img loading=\"lazy\" decoding=\"async\" class=\"aligncenter wp-image-733\" src=\"https:\/\/www.stikets.pt\/blog\/wp-content\/uploads\/2019\/01\/Hanging_Loops_School_PT-1-300x300.jpg\" alt=\"Fitas personaliz\u00e1veis com fecho\" width=\"800\" height=\"800\" srcset=\"https:\/\/www.stikets.pt\/blog\/wp-content\/uploads\/2019\/01\/Hanging_Loops_School_PT-1-300x300.jpg 300w, https:\/\/www.stikets.pt\/blog\/wp-content\/uploads\/2019\/01\/Hanging_Loops_School_PT-1-1024x1024.jpg 1024w, https:\/\/www.stikets.pt\/blog\/wp-content\/uploads\/2019\/01\/Hanging_Loops_School_PT-1-150x150.jpg 150w, https:\/\/www.stikets.pt\/blog\/wp-content\/uploads\/2019\/01\/Hanging_Loops_School_PT-1-768x768.jpg 768w, https:\/\/www.stikets.pt\/blog\/wp-content\/uploads\/2019\/01\/Hanging_Loops_School_PT-1.jpg 1200w\" sizes=\"auto, (max-width: 800px) 100vw, 800px\" \/><\/a><\/p>\n<h3 style=\"font-size: 1.2em;\"><strong>Pistas para lidar com o primeiro dia de creche<\/strong><\/h3>\n<p>Nas semanas ou dias anteriores a este dia,<strong> deves aproveitar para desfrutar ao m\u00e1ximo do teu beb\u00e9, mas sem stress. <\/strong>N\u00e3o se trata de programar atividades para cada momento do dia, nem realizar algo extraordin\u00e1rio \u2026 no entanto podes aproveitar para criar algum momento especial como ir a um parque novo ou realizar um picnic especial.<\/p>\n<p><strong>\u00c9 importante que estes dias n\u00e3o sejam encarados com angustia ou ser\u00e1 mais dif\u00edcil lidar com o primero dia. <\/strong>De facto, esta angustia e stress pode ser percebido pelo teu beb\u00e9 e condicion\u00e1-lo de forma negativa. ,<\/p>\n<p><strong>Quando chegar o dia, existem algunas dicas que te permitir\u00e1 fazer com que tudo corre bem. \u00a0<\/strong>S\u00e3o as seguintes:<\/p>\n<p style=\"padding-left: 40px;\"><strong>1. Programa o despertador com tempo suficiente, para poder levantar com calma<\/strong>, tomar o pequeno-almo\u00e7o e vestirem-se sem pressas.<\/p>\n<p style=\"padding-left: 40px;\"><strong>2. Antes de sair de casa tem claro o teu objetivo que dever\u00e1 ser, n\u00e3o s\u00f3 ultrapassar este primeiro dia de creche como acima de tudo fazer com que este experi\u00eancia seja o mais natural e tranquila para o teu filho<\/strong>.<\/p>\n<p style=\"padding-left: 40px;\"><strong>3. Sem dramas.<\/strong> Se est\u00e1s a pensar que vais ser muito dif\u00edcil dizer-lhe adeus, que ele vai chorar, se j\u00e1 imaginas a sua carinha triste\u2026n\u00e3o vais conseguir chegar \u00e0 creche. Em vez de ficares angustiada, algo que uma vez mais o teu beb\u00e9 poder\u00e1 perceber, <strong>tenta canalizar toda esta energ\u00eda para algo positivo e que ambos gostem. <\/strong>Pode ser cantar, dar passos gigantes, saltar ou fazer algo divertido. <strong>As suas gargalhadas v\u00e3o ser o melhor ant\u00eddoto para libertar a tens\u00e3o dos minutos antes.<\/strong><\/p>\n<p style=\"padding-left: 40px;\"><strong>4. Uma vez na creche, tenta que seja tudo o mais r\u00e1pido e mec\u00e2nico poss\u00edvel<\/strong>. <strong>A miss\u00e3o \u00e9 que consigas sair sem chorar e que o teu filho te veja sempre a sorrir. <\/strong>Assim ele ficar\u00e1 tranquilo. \u00c9 importante que o teu olhar e express\u00e3o lhe transmitam confian\u00e7a. \u00a0<strong>Lembra-te que para ele tamb\u00e9m \u00e9 uma experi\u00eancia nova. <\/strong><\/p>\n<p style=\"padding-left: 40px;\"><strong>5. Uma vez fora da creche, \u00e9s livre para ter um momento de desabafo. <\/strong>Se quiseres podes chorar um bocadinho, podes telefonar a uma amiga ou \u00e0 tua m\u00e3e ou mesmo <strong>podes tirar da tua mala aquele chocolate que guardas-te para um momento especial.<\/strong><\/p>\n<p>E n\u00e3o te esque\u00e7as de levar tudo bem marcado! Prepara com tempo e marca com o seu nome toda a sua roupa e outros objetos, para que tudo volte a casa. Tamb\u00e9m \u00a0ir\u00e1 ajudar-te a ter bem organizado o material necess\u00e1rio. Em Stikets tens tudo o que necessitas,\u00a0<a href=\"https:\/\/www.stikets.pt\/etiquetas-pt\/etiquetas-para-roupa\/etiquetas-para-roupa-pequenas.html\">etiquetas para roupa<\/a> a partir de apenas 9,45\u20ac ou <a href=\"https:\/\/www.stikets.pt\/etiquetas-pt\/packs-pt\/pack-mini-pt.html\">Packs<\/a> com etiquetas para roupa, objetos, sapatos e mochilas a partir de apenas 17,95\u20ac.<\/p>\n<p><a href=\"https:\/\/www.stikets.pt\/etiquetas-pt\/packs-pt.html\"><img loading=\"lazy\" decoding=\"async\" class=\"aligncenter wp-image-734\" src=\"https:\/\/www.stikets.pt\/blog\/wp-content\/uploads\/2019\/01\/Name_Stickers_Colorful_School_Supplies_PT-300x300.jpg\" alt=\"Packs Stikets \" width=\"800\" height=\"800\" srcset=\"https:\/\/www.stikets.pt\/blog\/wp-content\/uploads\/2019\/01\/Name_Stickers_Colorful_School_Supplies_PT-300x300.jpg 300w, https:\/\/www.stikets.pt\/blog\/wp-content\/uploads\/2019\/01\/Name_Stickers_Colorful_School_Supplies_PT-1024x1024.jpg 1024w, https:\/\/www.stikets.pt\/blog\/wp-content\/uploads\/2019\/01\/Name_Stickers_Colorful_School_Supplies_PT-150x150.jpg 150w, https:\/\/www.stikets.pt\/blog\/wp-content\/uploads\/2019\/01\/Name_Stickers_Colorful_School_Supplies_PT-768x768.jpg 768w, https:\/\/www.stikets.pt\/blog\/wp-content\/uploads\/2019\/01\/Name_Stickers_Colorful_School_Supplies_PT.jpg 1200w\" sizes=\"auto, (max-width: 800px) 100vw, 800px\" \/><\/a><\/p>\n<p><strong>E j\u00e1 conseguiste ultrapasar outro desafio<\/strong>. \u00c9s uma m\u00e3e genial. E lembra-te que j\u00e1 falta pouco para o ires buscar e desfrutar do resto do dia juntos<strong>. <\/strong><strong>Tens alguna coisa especial planeada para fazer com ele?<\/strong><\/p>\n","protected":false},"excerpt":{"rendered":"<p>Tens guardada esta data desde o dia em que foi decidido que iria para a creche e e est\u00e1s constantemente a perguntar-te: como vou lidar com o seu primeiro dia na creche ou infant\u00e1rio? Depois de estar 24 horas com o teu beb\u00e9, parece imposs\u00edvel pensar que a contagem decrescente para que se tenham que [&hellip;]<\/p>\n","protected":false},"author":3,"featured_media":731,"comment_status":"closed","ping_status":"open","sticky":true,"template":"","format":"standard","meta":{"footnotes":""},"categories":[34,45],"tags":[],"class_list":["post-190","post","type-post","status-publish","format-standard","has-post-thumbnail","hentry","category-informacao-pais","category-regresso-a-escola"],"yoast_head":"<!-- This site is optimized with the Yoast SEO plugin v23.5 - https:\/\/yoast.com\/wordpress\/plugins\/seo\/ -->\n<title>Como lidar com o primeiro dia na creche - Stikets Company<\/title>\n<meta name=\"robots\" content=\"index, follow, max-snippet:-1, max-image-preview:large, max-video-preview:-1\" \/>\n<link rel=\"canonical\" href=\"https:\/\/www.stikets.pt\/blog\/como-lidar-primeiro-dia-na-creche\/\" \/>\n<meta property=\"og:locale\" content=\"pt_PT\" \/>\n<meta property=\"og:type\" content=\"article\" \/>\n<meta property=\"og:title\" content=\"Como lidar com o primeiro dia na creche - Stikets Company\" \/>\n<meta property=\"og:description\" content=\"Tens guardada esta data desde o dia em que foi decidido que iria para a creche e e est\u00e1s constantemente a perguntar-te: como vou lidar com o seu primeiro dia na creche ou infant\u00e1rio? Depois de estar 24 horas com o teu beb\u00e9, parece imposs\u00edvel pensar que a contagem decrescente para que se tenham que [&hellip;]\" \/>\n<meta property=\"og:url\" content=\"https:\/\/www.stikets.pt\/blog\/como-lidar-primeiro-dia-na-creche\/\" \/>\n<meta property=\"og:site_name\" content=\"Stikets Company\" \/>\n<meta property=\"article:published_time\" content=\"2019-01-02T15:55:56+00:00\" \/>\n<meta property=\"article:modified_time\" content=\"2021-07-27T11:31:24+00:00\" \/>\n<meta property=\"og:image\" content=\"https:\/\/www.stikets.pt\/blog\/wp-content\/uploads\/2019\/01\/Como-lidar-com-o-primeiro-dia-na-creche.png\" \/>\n\t<meta property=\"og:image:width\" content=\"702\" \/>\n\t<meta property=\"og:image:height\" content=\"336\" \/>\n\t<meta property=\"og:image:type\" content=\"image\/png\" \/>\n<meta name=\"author\" content=\"Stikets Company\" \/>\n<meta name=\"twitter:card\" content=\"summary_large_image\" \/>\n<meta name=\"twitter:label1\" content=\"Escrito por\" \/>\n\t<meta name=\"twitter:data1\" content=\"Stikets Company\" \/>\n\t<meta name=\"twitter:label2\" content=\"Tempo estimado de leitura\" \/>\n\t<meta name=\"twitter:data2\" content=\"3 minutos\" \/>\n<script type=\"application\/ld+json\" class=\"yoast-schema-graph\">{\"@context\":\"https:\/\/schema.org\",\"@graph\":[{\"@type\":\"WebPage\",\"@id\":\"https:\/\/www.stikets.pt\/blog\/como-lidar-primeiro-dia-na-creche\/\",\"url\":\"https:\/\/www.stikets.pt\/blog\/como-lidar-primeiro-dia-na-creche\/\",\"name\":\"Como lidar com o primeiro dia na creche - Stikets Company\",\"isPartOf\":{\"@id\":\"https:\/\/www.stikets.pt\/blog\/#website\"},\"primaryImageOfPage\":{\"@id\":\"https:\/\/www.stikets.pt\/blog\/como-lidar-primeiro-dia-na-creche\/#primaryimage\"},\"image\":{\"@id\":\"https:\/\/www.stikets.pt\/blog\/como-lidar-primeiro-dia-na-creche\/#primaryimage\"},\"thumbnailUrl\":\"https:\/\/www.stikets.pt\/blog\/wp-content\/uploads\/2019\/01\/Como-lidar-com-o-primeiro-dia-na-creche.png\",\"datePublished\":\"2019-01-02T15:55:56+00:00\",\"dateModified\":\"2021-07-27T11:31:24+00:00\",\"author\":{\"@id\":\"https:\/\/www.stikets.pt\/blog\/#\/schema\/person\/54921791ff6bdc6b8b529b73dc77a8cc\"},\"breadcrumb\":{\"@id\":\"https:\/\/www.stikets.pt\/blog\/como-lidar-primeiro-dia-na-creche\/#breadcrumb\"},\"inLanguage\":\"pt-PT\",\"potentialAction\":[{\"@type\":\"ReadAction\",\"target\":[\"https:\/\/www.stikets.pt\/blog\/como-lidar-primeiro-dia-na-creche\/\"]}]},{\"@type\":\"ImageObject\",\"inLanguage\":\"pt-PT\",\"@id\":\"https:\/\/www.stikets.pt\/blog\/como-lidar-primeiro-dia-na-creche\/#primaryimage\",\"url\":\"https:\/\/www.stikets.pt\/blog\/wp-content\/uploads\/2019\/01\/Como-lidar-com-o-primeiro-dia-na-creche.png\",\"contentUrl\":\"https:\/\/www.stikets.pt\/blog\/wp-content\/uploads\/2019\/01\/Como-lidar-com-o-primeiro-dia-na-creche.png\",\"width\":702,\"height\":336},{\"@type\":\"BreadcrumbList\",\"@id\":\"https:\/\/www.stikets.pt\/blog\/como-lidar-primeiro-dia-na-creche\/#breadcrumb\",\"itemListElement\":[{\"@type\":\"ListItem\",\"position\":1,\"name\":\"Home\",\"item\":\"https:\/\/www.stikets.pt\/blog\/\"},{\"@type\":\"ListItem\",\"position\":2,\"name\":\"Como lidar com o primeiro dia na creche\"}]},{\"@type\":\"WebSite\",\"@id\":\"https:\/\/www.stikets.pt\/blog\/#website\",\"url\":\"https:\/\/www.stikets.pt\/blog\/\",\"name\":\"Stikets Company\",\"description\":\"\",\"potentialAction\":[{\"@type\":\"SearchAction\",\"target\":{\"@type\":\"EntryPoint\",\"urlTemplate\":\"https:\/\/www.stikets.pt\/blog\/?s={search_term_string}\"},\"query-input\":{\"@type\":\"PropertyValueSpecification\",\"valueRequired\":true,\"valueName\":\"search_term_string\"}}],\"inLanguage\":\"pt-PT\"},{\"@type\":\"Person\",\"@id\":\"https:\/\/www.stikets.pt\/blog\/#\/schema\/person\/54921791ff6bdc6b8b529b73dc77a8cc\",\"name\":\"Stikets Company\",\"image\":{\"@type\":\"ImageObject\",\"inLanguage\":\"pt-PT\",\"@id\":\"https:\/\/www.stikets.pt\/blog\/#\/schema\/person\/image\/\",\"url\":\"https:\/\/secure.gravatar.com\/avatar\/86b3d46aefc695a453b1926595c486ef0daec8422a570be46b60d4ee40477c65?s=96&d=mm&r=g\",\"contentUrl\":\"https:\/\/secure.gravatar.com\/avatar\/86b3d46aefc695a453b1926595c486ef0daec8422a570be46b60d4ee40477c65?s=96&d=mm&r=g\",\"caption\":\"Stikets Company\"},\"sameAs\":[\"http:\/\/www.stiketsfamily.pt\"],\"url\":\"https:\/\/www.stikets.pt\/blog\/author\/stikets\/\"}]}<\/script>\n<!-- \/ Yoast SEO plugin. -->","yoast_head_json":{"title":"Como lidar com o primeiro dia na creche - Stikets Company","robots":{"index":"index","follow":"follow","max-snippet":"max-snippet:-1","max-image-preview":"max-image-preview:large","max-video-preview":"max-video-preview:-1"},"canonical":"https:\/\/www.stikets.pt\/blog\/como-lidar-primeiro-dia-na-creche\/","og_locale":"pt_PT","og_type":"article","og_title":"Como lidar com o primeiro dia na creche - Stikets Company","og_description":"Tens guardada esta data desde o dia em que foi decidido que iria para a creche e e est\u00e1s constantemente a perguntar-te: como vou lidar com o seu primeiro dia na creche ou infant\u00e1rio? Depois de estar 24 horas com o teu beb\u00e9, parece imposs\u00edvel pensar que a contagem decrescente para que se tenham que [&hellip;]","og_url":"https:\/\/www.stikets.pt\/blog\/como-lidar-primeiro-dia-na-creche\/","og_site_name":"Stikets Company","article_published_time":"2019-01-02T15:55:56+00:00","article_modified_time":"2021-07-27T11:31:24+00:00","og_image":[{"width":702,"height":336,"url":"https:\/\/www.stikets.pt\/blog\/wp-content\/uploads\/2019\/01\/Como-lidar-com-o-primeiro-dia-na-creche.png","type":"image\/png"}],"author":"Stikets Company","twitter_card":"summary_large_image","twitter_misc":{"Escrito por":"Stikets Company","Tempo estimado de leitura":"3 minutos"},"schema":{"@context":"https:\/\/schema.org","@graph":[{"@type":"WebPage","@id":"https:\/\/www.stikets.pt\/blog\/como-lidar-primeiro-dia-na-creche\/","url":"https:\/\/www.stikets.pt\/blog\/como-lidar-primeiro-dia-na-creche\/","name":"Como lidar com o primeiro dia na creche - Stikets Company","isPartOf":{"@id":"https:\/\/www.stikets.pt\/blog\/#website"},"primaryImageOfPage":{"@id":"https:\/\/www.stikets.pt\/blog\/como-lidar-primeiro-dia-na-creche\/#primaryimage"},"image":{"@id":"https:\/\/www.stikets.pt\/blog\/como-lidar-primeiro-dia-na-creche\/#primaryimage"},"thumbnailUrl":"https:\/\/www.stikets.pt\/blog\/wp-content\/uploads\/2019\/01\/Como-lidar-com-o-primeiro-dia-na-creche.png","datePublished":"2019-01-02T15:55:56+00:00","dateModified":"2021-07-27T11:31:24+00:00","author":{"@id":"https:\/\/www.stikets.pt\/blog\/#\/schema\/person\/54921791ff6bdc6b8b529b73dc77a8cc"},"breadcrumb":{"@id":"https:\/\/www.stikets.pt\/blog\/como-lidar-primeiro-dia-na-creche\/#breadcrumb"},"inLanguage":"pt-PT","potentialAction":[{"@type":"ReadAction","target":["https:\/\/www.stikets.pt\/blog\/como-lidar-primeiro-dia-na-creche\/"]}]},{"@type":"ImageObject","inLanguage":"pt-PT","@id":"https:\/\/www.stikets.pt\/blog\/como-lidar-primeiro-dia-na-creche\/#primaryimage","url":"https:\/\/www.stikets.pt\/blog\/wp-content\/uploads\/2019\/01\/Como-lidar-com-o-primeiro-dia-na-creche.png","contentUrl":"https:\/\/www.stikets.pt\/blog\/wp-content\/uploads\/2019\/01\/Como-lidar-com-o-primeiro-dia-na-creche.png","width":702,"height":336},{"@type":"BreadcrumbList","@id":"https:\/\/www.stikets.pt\/blog\/como-lidar-primeiro-dia-na-creche\/#breadcrumb","itemListElement":[{"@type":"ListItem","position":1,"name":"Home","item":"https:\/\/www.stikets.pt\/blog\/"},{"@type":"ListItem","position":2,"name":"Como lidar com o primeiro dia na creche"}]},{"@type":"WebSite","@id":"https:\/\/www.stikets.pt\/blog\/#website","url":"https:\/\/www.stikets.pt\/blog\/","name":"Stikets Company","description":"","potentialAction":[{"@type":"SearchAction","target":{"@type":"EntryPoint","urlTemplate":"https:\/\/www.stikets.pt\/blog\/?s={search_term_string}"},"query-input":{"@type":"PropertyValueSpecification","valueRequired":true,"valueName":"search_term_string"}}],"inLanguage":"pt-PT"},{"@type":"Person","@id":"https:\/\/www.stikets.pt\/blog\/#\/schema\/person\/54921791ff6bdc6b8b529b73dc77a8cc","name":"Stikets Company","image":{"@type":"ImageObject","inLanguage":"pt-PT","@id":"https:\/\/www.stikets.pt\/blog\/#\/schema\/person\/image\/","url":"https:\/\/secure.gravatar.com\/avatar\/86b3d46aefc695a453b1926595c486ef0daec8422a570be46b60d4ee40477c65?s=96&d=mm&r=g","contentUrl":"https:\/\/secure.gravatar.com\/avatar\/86b3d46aefc695a453b1926595c486ef0daec8422a570be46b60d4ee40477c65?s=96&d=mm&r=g","caption":"Stikets Company"},"sameAs":["http:\/\/www.stiketsfamily.pt"],"url":"https:\/\/www.stikets.pt\/blog\/author\/stikets\/"}]}},"_links":{"self":[{"href":"https:\/\/www.stikets.pt\/blog\/wp-json\/wp\/v2\/posts\/190","targetHints":{"allow":["GET"]}}],"collection":[{"href":"https:\/\/www.stikets.pt\/blog\/wp-json\/wp\/v2\/posts"}],"about":[{"href":"https:\/\/www.stikets.pt\/blog\/wp-json\/wp\/v2\/types\/post"}],"author":[{"embeddable":true,"href":"https:\/\/www.stikets.pt\/blog\/wp-json\/wp\/v2\/users\/3"}],"replies":[{"embeddable":true,"href":"https:\/\/www.stikets.pt\/blog\/wp-json\/wp\/v2\/comments?post=190"}],"version-history":[{"count":3,"href":"https:\/\/www.stikets.pt\/blog\/wp-json\/wp\/v2\/posts\/190\/revisions"}],"predecessor-version":[{"id":736,"href":"https:\/\/www.stikets.pt\/blog\/wp-json\/wp\/v2\/posts\/190\/revisions\/736"}],"wp:featuredmedia":[{"embeddable":true,"href":"https:\/\/www.stikets.pt\/blog\/wp-json\/wp\/v2\/media\/731"}],"wp:attachment":[{"href":"https:\/\/www.stikets.pt\/blog\/wp-json\/wp\/v2\/media?parent=190"}],"wp:term":[{"taxonomy":"category","embeddable":true,"href":"https:\/\/www.stikets.pt\/blog\/wp-json\/wp\/v2\/categories?post=190"},{"taxonomy":"post_tag","embeddable":true,"href":"https:\/\/www.stikets.pt\/blog\/wp-json\/wp\/v2\/tags?post=190"}],"curies":[{"name":"wp","href":"https:\/\/api.w.org\/{rel}","templated":true}]}}