{"id":281,"date":"2019-04-26T12:26:56","date_gmt":"2019-04-26T10:26:56","guid":{"rendered":"http:\/\/www.stiketsfamily.pt\/?p=281"},"modified":"2021-07-15T08:59:00","modified_gmt":"2021-07-15T07:59:00","slug":"o-que-as-maes-realmente-querem-para-o-dia-da-mae","status":"publish","type":"post","link":"https:\/\/www.stikets.pt\/blog\/o-que-as-maes-realmente-querem-para-o-dia-da-mae\/","title":{"rendered":"O que as m\u00e3es realmente querem para o Dia da M\u00e3e"},"content":{"rendered":"<p>Chegou o <strong>m\u00eas das m\u00e3es a Stikets<\/strong> e queremos que o celebres como mereces. Sabemos o que realmente queres no teu dia especial e por isso realizamos uma lista de pequenos, mas muito importantes, detalhes que gostarias de ter no teu dia, o <strong>Dia da M\u00e3e<\/strong>.<\/p>\n<h3 style=\"font-size: 1.2em;\"><strong>Tempo para estar sozinha<\/strong><\/h3>\n<p>\u00c0s vezes necessitamos de momentos de solid\u00e3o e sil\u00eancio para <strong>ouvir os nossos pr\u00f3prios pensamentos<\/strong>.\u00a0Melhor ainda se n\u00e3o temos nada para fazer.<\/p>\n<p><img loading=\"lazy\" decoding=\"async\" class=\"aligncenter wp-image-655\" src=\"https:\/\/www.stikets.pt\/blog\/wp-content\/uploads\/2019\/04\/Tempo-para-estar-sozinha-300x200.jpg\" alt=\"Tempo para estar sozinha\" width=\"800\" height=\"534\" srcset=\"https:\/\/www.stikets.pt\/blog\/wp-content\/uploads\/2019\/04\/Tempo-para-estar-sozinha-300x200.jpg 300w, https:\/\/www.stikets.pt\/blog\/wp-content\/uploads\/2019\/04\/Tempo-para-estar-sozinha-768x512.jpg 768w, https:\/\/www.stikets.pt\/blog\/wp-content\/uploads\/2019\/04\/Tempo-para-estar-sozinha.jpg 1024w\" sizes=\"auto, (max-width: 800px) 100vw, 800px\" \/><\/p>\n<h3 style=\"font-size: 1.2em;\"><strong>Tempo livre com a fam\u00edlia<\/strong><\/h3>\n<p>No dia a dia, muitas veces n\u00e3o \u00e9 f\u00e1cil encontrar momentos para <strong>desfrutar de toda a fam\u00edlia,<\/strong> seja pelo trabalho, chegar tarde a casa, correr entre as v\u00e1rias atividades&#8230; Um sem fim de motivos que fazem com que o tempo passe muito r\u00e1pido e que desejes estar mais tempo com a tua fam\u00edlia. Aproveita e cumpre o teu desejo no<strong> Dia da M\u00e3e<\/strong><\/p>\n<p><img loading=\"lazy\" decoding=\"async\" class=\"aligncenter wp-image-656\" src=\"https:\/\/www.stikets.pt\/blog\/wp-content\/uploads\/2019\/04\/Tempo-livre-com-a-fam\u00edlia-300x200.jpg\" alt=\"Tempo livre com a fam\u00edlia\" width=\"800\" height=\"534\" srcset=\"https:\/\/www.stikets.pt\/blog\/wp-content\/uploads\/2019\/04\/Tempo-livre-com-a-fam\u00edlia-300x200.jpg 300w, https:\/\/www.stikets.pt\/blog\/wp-content\/uploads\/2019\/04\/Tempo-livre-com-a-fam\u00edlia-768x512.jpg 768w, https:\/\/www.stikets.pt\/blog\/wp-content\/uploads\/2019\/04\/Tempo-livre-com-a-fam\u00edlia.jpg 1024w\" sizes=\"auto, (max-width: 800px) 100vw, 800px\" \/><\/p>\n<h3 style=\"font-size: 1.2em;\"><strong>Um presente feito \u00e0 m\u00e3o<\/strong><\/h3>\n<p>Sabemos o quanto gostas de ver a carinha do teu pequenote quando vem com o presente que fez na escola e te o oferece com a maior alegria do mundo. Sem d\u00favida, s\u00e3o estes os momentos mais felizes em que te sentes muito orgulhosa dele e ele sente exatamente o mesmo por ti.<\/p>\n<p><img loading=\"lazy\" decoding=\"async\" class=\"aligncenter wp-image-657\" src=\"https:\/\/www.stikets.pt\/blog\/wp-content\/uploads\/2019\/04\/Um-presente-feito-\u00e0-m\u00e3o-300x178.jpeg\" alt=\"Um presente feito \u00e0 m\u00e3o\" width=\"800\" height=\"474\" srcset=\"https:\/\/www.stikets.pt\/blog\/wp-content\/uploads\/2019\/04\/Um-presente-feito-\u00e0-m\u00e3o-300x178.jpeg 300w, https:\/\/www.stikets.pt\/blog\/wp-content\/uploads\/2019\/04\/Um-presente-feito-\u00e0-m\u00e3o-768x455.jpeg 768w, https:\/\/www.stikets.pt\/blog\/wp-content\/uploads\/2019\/04\/Um-presente-feito-\u00e0-m\u00e3o.jpeg 1024w\" sizes=\"auto, (max-width: 800px) 100vw, 800px\" \/><\/p>\n<h3 style=\"font-size: 1.2em;\"><strong>Encontrar a casa limpa<\/strong><\/h3>\n<p>De certeza que este vai ser um dos presentes top para o Dia da M\u00e3e. <strong>Chegar do trabalho a casa e encontr\u00e1-la limpa ou, pelo menos, completamente arrumada <\/strong>e sentir aquela sensa\u00e7\u00e3o de al\u00edvio por \u00a0n\u00e3o ter que arrumar todos os brinquedos perdidos pela casa&#8230;<\/p>\n<h3 style=\"font-size: 1.2em;\"><strong>Um dia sem ter que ser o \u00e1rbitro de discuss\u00f5es<\/strong><\/h3>\n<p>Outra das coisas que uma m\u00e3e deseja no seu dia \u00e9 <strong>deixar de ser o \u00e1rbitro das discuss\u00f5es entre os seus filhos<\/strong>. Seria perfeito deixar de ouvir: mam\u00e3, foi ele que come\u00e7ou&#8230; n\u00e3o mam\u00e3, ele \u00e9 que teve a culpa&#8230;<\/p>\n<h3 style=\"font-size: 1.2em;\"><strong>Uma sesta ou dormir at\u00e9 tarde<\/strong><\/h3>\n<p><strong>Ter o teu momento de relax para poder dormir uma sesta<\/strong> despois de um dia de arruma\u00e7\u00f5es, ou de passar a ferro toda a roupa&#8230; todas aquelas tarefas aborrecidas, que depois de termin\u00e1-las, a \u00fanica coisa que queres \u00e9 descansar.<\/p>\n<p><img loading=\"lazy\" decoding=\"async\" class=\"aligncenter wp-image-658\" src=\"https:\/\/www.stikets.pt\/blog\/wp-content\/uploads\/2019\/04\/Uma-sesta-ou-dormir-at\u00e9-tarde-300x200.jpg\" alt=\"Uma sesta ou dormir at\u00e9 tarde\" width=\"800\" height=\"534\" srcset=\"https:\/\/www.stikets.pt\/blog\/wp-content\/uploads\/2019\/04\/Uma-sesta-ou-dormir-at\u00e9-tarde-300x200.jpg 300w, https:\/\/www.stikets.pt\/blog\/wp-content\/uploads\/2019\/04\/Uma-sesta-ou-dormir-at\u00e9-tarde-768x512.jpg 768w, https:\/\/www.stikets.pt\/blog\/wp-content\/uploads\/2019\/04\/Uma-sesta-ou-dormir-at\u00e9-tarde.jpg 1024w\" sizes=\"auto, (max-width: 800px) 100vw, 800px\" \/><\/p>\n<h3 style=\"font-size: 1.2em;\"><strong>Encontrar o jantar feito (e as crian\u00e7as com o banho tomado)<\/strong><\/h3>\n<p>N\u00e3o tem pre\u00e7o saber que n\u00e3o vais ter que te enfiar na cozinha para fazer o jantar nem a marmita do dia seguinte, nem ter que dar banho \u00e0s crian\u00e7as. Simplesmente maravilhoso!<\/p>\n<p><img loading=\"lazy\" decoding=\"async\" class=\"aligncenter wp-image-659\" src=\"https:\/\/www.stikets.pt\/blog\/wp-content\/uploads\/2019\/04\/Encontrar-o-jantar-feito-e-as-crian\u00e7as-com-o-banho-tomado-300x182.jpg\" alt=\"Encontrar o jantar feito (e as crian\u00e7as com o banho tomado)\" width=\"800\" height=\"485\" srcset=\"https:\/\/www.stikets.pt\/blog\/wp-content\/uploads\/2019\/04\/Encontrar-o-jantar-feito-e-as-crian\u00e7as-com-o-banho-tomado-300x182.jpg 300w, https:\/\/www.stikets.pt\/blog\/wp-content\/uploads\/2019\/04\/Encontrar-o-jantar-feito-e-as-crian\u00e7as-com-o-banho-tomado.jpg 660w\" sizes=\"auto, (max-width: 800px) 100vw, 800px\" \/><\/p>\n<h3 style=\"font-size: 1.2em;\"><strong>N\u00e3o mudar fraldas nem limpar rabinhos<\/strong><\/h3>\n<p>Outra das coisas que realmente queres no teu Dia da M\u00e3e, \u00e9 <strong>ouvir o teu mais que tudo dizer as palavras m\u00e1gicas:\u00a0n\u00e3o te preocupes, meu amor, descansa que eu mudo a fralda ao beb\u00e9<\/strong>.<\/p>\n<h3 style=\"font-size: 1.2em;\"><strong>Um banho sem interrup\u00e7\u00f5es <\/strong><\/h3>\n<p>Um banho na banheira ou no duche, com velas e a tua m\u00fasica favorita, seria simplesmente WOOWW.<\/p>\n<h3 style=\"font-size: 1.2em;\"><strong>Muitos beijinhos e abra\u00e7os<\/strong><\/h3>\n<p>N\u00e3o podem faltar os beijinhos e os abra\u00e7os no teu dia. \u00c9 muito importante o sentimento de ser amada, valorizada e mimada n\u00e3o apenas no Dia da M\u00e3e,\u00a0mas tamb\u00e9m em cada \u00a0dia, porque mereces.<\/p>\n<p><img loading=\"lazy\" decoding=\"async\" class=\"aligncenter wp-image-660\" src=\"https:\/\/www.stikets.pt\/blog\/wp-content\/uploads\/2019\/04\/Muitos-beijinhos-e-abra\u00e7os-300x200.jpg\" alt=\"Muitos beijinhos e abra\u00e7os\" width=\"800\" height=\"534\" srcset=\"https:\/\/www.stikets.pt\/blog\/wp-content\/uploads\/2019\/04\/Muitos-beijinhos-e-abra\u00e7os-300x200.jpg 300w, https:\/\/www.stikets.pt\/blog\/wp-content\/uploads\/2019\/04\/Muitos-beijinhos-e-abra\u00e7os-768x512.jpg 768w, https:\/\/www.stikets.pt\/blog\/wp-content\/uploads\/2019\/04\/Muitos-beijinhos-e-abra\u00e7os.jpg 1024w\" sizes=\"auto, (max-width: 800px) 100vw, 800px\" \/><\/p>\n<p>E dizemos adeus, desejando um <strong>Feliz Dia da M\u00e3e.<\/strong><\/p>\n","protected":false},"excerpt":{"rendered":"<p>Chegou o m\u00eas das m\u00e3es a Stikets e queremos que o celebres como mereces. Sabemos o que realmente queres no teu dia especial e por isso realizamos uma lista de pequenos, mas muito importantes, detalhes que gostarias de ter no teu dia, o Dia da M\u00e3e. Tempo para estar sozinha \u00c0s vezes necessitamos de momentos [&hellip;]<\/p>\n","protected":false},"author":3,"featured_media":653,"comment_status":"closed","ping_status":"open","sticky":false,"template":"","format":"standard","meta":{"footnotes":""},"categories":[29,41],"tags":[],"class_list":["post-281","post","type-post","status-publish","format-standard","has-post-thumbnail","hentry","category-conselhos-praticos","category-para-as-maes"],"yoast_head":"<!-- This site is optimized with the Yoast SEO plugin v23.5 - https:\/\/yoast.com\/wordpress\/plugins\/seo\/ -->\n<title>O que as m\u00e3es realmente querem para o Dia da M\u00e3e - Stikets Company<\/title>\n<meta name=\"robots\" content=\"index, follow, max-snippet:-1, max-image-preview:large, max-video-preview:-1\" \/>\n<link rel=\"canonical\" href=\"https:\/\/www.stikets.pt\/blog\/o-que-as-maes-realmente-querem-para-o-dia-da-mae\/\" \/>\n<meta property=\"og:locale\" content=\"pt_PT\" \/>\n<meta property=\"og:type\" content=\"article\" \/>\n<meta property=\"og:title\" content=\"O que as m\u00e3es realmente querem para o Dia da M\u00e3e - Stikets Company\" \/>\n<meta property=\"og:description\" content=\"Chegou o m\u00eas das m\u00e3es a Stikets e queremos que o celebres como mereces. Sabemos o que realmente queres no teu dia especial e por isso realizamos uma lista de pequenos, mas muito importantes, detalhes que gostarias de ter no teu dia, o Dia da M\u00e3e. Tempo para estar sozinha \u00c0s vezes necessitamos de momentos [&hellip;]\" \/>\n<meta property=\"og:url\" content=\"https:\/\/www.stikets.pt\/blog\/o-que-as-maes-realmente-querem-para-o-dia-da-mae\/\" \/>\n<meta property=\"og:site_name\" content=\"Stikets Company\" \/>\n<meta property=\"article:published_time\" content=\"2019-04-26T10:26:56+00:00\" \/>\n<meta property=\"article:modified_time\" content=\"2021-07-15T07:59:00+00:00\" \/>\n<meta property=\"og:image\" content=\"https:\/\/www.stikets.pt\/blog\/wp-content\/uploads\/2019\/04\/Dia-da-M\u00e3e.jpg\" \/>\n\t<meta property=\"og:image:width\" content=\"800\" \/>\n\t<meta property=\"og:image:height\" content=\"445\" \/>\n\t<meta property=\"og:image:type\" content=\"image\/jpeg\" \/>\n<meta name=\"author\" content=\"Stikets Company\" \/>\n<meta name=\"twitter:card\" content=\"summary_large_image\" \/>\n<meta name=\"twitter:label1\" content=\"Escrito por\" \/>\n\t<meta name=\"twitter:data1\" content=\"Stikets Company\" \/>\n\t<meta name=\"twitter:label2\" content=\"Tempo estimado de leitura\" \/>\n\t<meta name=\"twitter:data2\" content=\"3 minutos\" \/>\n<script type=\"application\/ld+json\" class=\"yoast-schema-graph\">{\"@context\":\"https:\/\/schema.org\",\"@graph\":[{\"@type\":\"WebPage\",\"@id\":\"https:\/\/www.stikets.pt\/blog\/o-que-as-maes-realmente-querem-para-o-dia-da-mae\/\",\"url\":\"https:\/\/www.stikets.pt\/blog\/o-que-as-maes-realmente-querem-para-o-dia-da-mae\/\",\"name\":\"O que as m\u00e3es realmente querem para o Dia da M\u00e3e - Stikets Company\",\"isPartOf\":{\"@id\":\"https:\/\/www.stikets.pt\/blog\/#website\"},\"primaryImageOfPage\":{\"@id\":\"https:\/\/www.stikets.pt\/blog\/o-que-as-maes-realmente-querem-para-o-dia-da-mae\/#primaryimage\"},\"image\":{\"@id\":\"https:\/\/www.stikets.pt\/blog\/o-que-as-maes-realmente-querem-para-o-dia-da-mae\/#primaryimage\"},\"thumbnailUrl\":\"https:\/\/www.stikets.pt\/blog\/wp-content\/uploads\/2019\/04\/Dia-da-M\u00e3e.jpg\",\"datePublished\":\"2019-04-26T10:26:56+00:00\",\"dateModified\":\"2021-07-15T07:59:00+00:00\",\"author\":{\"@id\":\"https:\/\/www.stikets.pt\/blog\/#\/schema\/person\/54921791ff6bdc6b8b529b73dc77a8cc\"},\"breadcrumb\":{\"@id\":\"https:\/\/www.stikets.pt\/blog\/o-que-as-maes-realmente-querem-para-o-dia-da-mae\/#breadcrumb\"},\"inLanguage\":\"pt-PT\",\"potentialAction\":[{\"@type\":\"ReadAction\",\"target\":[\"https:\/\/www.stikets.pt\/blog\/o-que-as-maes-realmente-querem-para-o-dia-da-mae\/\"]}]},{\"@type\":\"ImageObject\",\"inLanguage\":\"pt-PT\",\"@id\":\"https:\/\/www.stikets.pt\/blog\/o-que-as-maes-realmente-querem-para-o-dia-da-mae\/#primaryimage\",\"url\":\"https:\/\/www.stikets.pt\/blog\/wp-content\/uploads\/2019\/04\/Dia-da-M\u00e3e.jpg\",\"contentUrl\":\"https:\/\/www.stikets.pt\/blog\/wp-content\/uploads\/2019\/04\/Dia-da-M\u00e3e.jpg\",\"width\":800,\"height\":445},{\"@type\":\"BreadcrumbList\",\"@id\":\"https:\/\/www.stikets.pt\/blog\/o-que-as-maes-realmente-querem-para-o-dia-da-mae\/#breadcrumb\",\"itemListElement\":[{\"@type\":\"ListItem\",\"position\":1,\"name\":\"Home\",\"item\":\"https:\/\/www.stikets.pt\/blog\/\"},{\"@type\":\"ListItem\",\"position\":2,\"name\":\"O que as m\u00e3es realmente querem para o Dia da M\u00e3e\"}]},{\"@type\":\"WebSite\",\"@id\":\"https:\/\/www.stikets.pt\/blog\/#website\",\"url\":\"https:\/\/www.stikets.pt\/blog\/\",\"name\":\"Stikets Company\",\"description\":\"\",\"potentialAction\":[{\"@type\":\"SearchAction\",\"target\":{\"@type\":\"EntryPoint\",\"urlTemplate\":\"https:\/\/www.stikets.pt\/blog\/?s={search_term_string}\"},\"query-input\":{\"@type\":\"PropertyValueSpecification\",\"valueRequired\":true,\"valueName\":\"search_term_string\"}}],\"inLanguage\":\"pt-PT\"},{\"@type\":\"Person\",\"@id\":\"https:\/\/www.stikets.pt\/blog\/#\/schema\/person\/54921791ff6bdc6b8b529b73dc77a8cc\",\"name\":\"Stikets Company\",\"image\":{\"@type\":\"ImageObject\",\"inLanguage\":\"pt-PT\",\"@id\":\"https:\/\/www.stikets.pt\/blog\/#\/schema\/person\/image\/\",\"url\":\"https:\/\/secure.gravatar.com\/avatar\/86b3d46aefc695a453b1926595c486ef0daec8422a570be46b60d4ee40477c65?s=96&d=mm&r=g\",\"contentUrl\":\"https:\/\/secure.gravatar.com\/avatar\/86b3d46aefc695a453b1926595c486ef0daec8422a570be46b60d4ee40477c65?s=96&d=mm&r=g\",\"caption\":\"Stikets Company\"},\"sameAs\":[\"http:\/\/www.stiketsfamily.pt\"],\"url\":\"https:\/\/www.stikets.pt\/blog\/author\/stikets\/\"}]}<\/script>\n<!-- \/ Yoast SEO plugin. -->","yoast_head_json":{"title":"O que as m\u00e3es realmente querem para o Dia da M\u00e3e - Stikets Company","robots":{"index":"index","follow":"follow","max-snippet":"max-snippet:-1","max-image-preview":"max-image-preview:large","max-video-preview":"max-video-preview:-1"},"canonical":"https:\/\/www.stikets.pt\/blog\/o-que-as-maes-realmente-querem-para-o-dia-da-mae\/","og_locale":"pt_PT","og_type":"article","og_title":"O que as m\u00e3es realmente querem para o Dia da M\u00e3e - Stikets Company","og_description":"Chegou o m\u00eas das m\u00e3es a Stikets e queremos que o celebres como mereces. Sabemos o que realmente queres no teu dia especial e por isso realizamos uma lista de pequenos, mas muito importantes, detalhes que gostarias de ter no teu dia, o Dia da M\u00e3e. Tempo para estar sozinha \u00c0s vezes necessitamos de momentos [&hellip;]","og_url":"https:\/\/www.stikets.pt\/blog\/o-que-as-maes-realmente-querem-para-o-dia-da-mae\/","og_site_name":"Stikets Company","article_published_time":"2019-04-26T10:26:56+00:00","article_modified_time":"2021-07-15T07:59:00+00:00","og_image":[{"width":800,"height":445,"url":"https:\/\/www.stikets.pt\/blog\/wp-content\/uploads\/2019\/04\/Dia-da-M\u00e3e.jpg","type":"image\/jpeg"}],"author":"Stikets Company","twitter_card":"summary_large_image","twitter_misc":{"Escrito por":"Stikets Company","Tempo estimado de leitura":"3 minutos"},"schema":{"@context":"https:\/\/schema.org","@graph":[{"@type":"WebPage","@id":"https:\/\/www.stikets.pt\/blog\/o-que-as-maes-realmente-querem-para-o-dia-da-mae\/","url":"https:\/\/www.stikets.pt\/blog\/o-que-as-maes-realmente-querem-para-o-dia-da-mae\/","name":"O que as m\u00e3es realmente querem para o Dia da M\u00e3e - Stikets Company","isPartOf":{"@id":"https:\/\/www.stikets.pt\/blog\/#website"},"primaryImageOfPage":{"@id":"https:\/\/www.stikets.pt\/blog\/o-que-as-maes-realmente-querem-para-o-dia-da-mae\/#primaryimage"},"image":{"@id":"https:\/\/www.stikets.pt\/blog\/o-que-as-maes-realmente-querem-para-o-dia-da-mae\/#primaryimage"},"thumbnailUrl":"https:\/\/www.stikets.pt\/blog\/wp-content\/uploads\/2019\/04\/Dia-da-M\u00e3e.jpg","datePublished":"2019-04-26T10:26:56+00:00","dateModified":"2021-07-15T07:59:00+00:00","author":{"@id":"https:\/\/www.stikets.pt\/blog\/#\/schema\/person\/54921791ff6bdc6b8b529b73dc77a8cc"},"breadcrumb":{"@id":"https:\/\/www.stikets.pt\/blog\/o-que-as-maes-realmente-querem-para-o-dia-da-mae\/#breadcrumb"},"inLanguage":"pt-PT","potentialAction":[{"@type":"ReadAction","target":["https:\/\/www.stikets.pt\/blog\/o-que-as-maes-realmente-querem-para-o-dia-da-mae\/"]}]},{"@type":"ImageObject","inLanguage":"pt-PT","@id":"https:\/\/www.stikets.pt\/blog\/o-que-as-maes-realmente-querem-para-o-dia-da-mae\/#primaryimage","url":"https:\/\/www.stikets.pt\/blog\/wp-content\/uploads\/2019\/04\/Dia-da-M\u00e3e.jpg","contentUrl":"https:\/\/www.stikets.pt\/blog\/wp-content\/uploads\/2019\/04\/Dia-da-M\u00e3e.jpg","width":800,"height":445},{"@type":"BreadcrumbList","@id":"https:\/\/www.stikets.pt\/blog\/o-que-as-maes-realmente-querem-para-o-dia-da-mae\/#breadcrumb","itemListElement":[{"@type":"ListItem","position":1,"name":"Home","item":"https:\/\/www.stikets.pt\/blog\/"},{"@type":"ListItem","position":2,"name":"O que as m\u00e3es realmente querem para o Dia da M\u00e3e"}]},{"@type":"WebSite","@id":"https:\/\/www.stikets.pt\/blog\/#website","url":"https:\/\/www.stikets.pt\/blog\/","name":"Stikets Company","description":"","potentialAction":[{"@type":"SearchAction","target":{"@type":"EntryPoint","urlTemplate":"https:\/\/www.stikets.pt\/blog\/?s={search_term_string}"},"query-input":{"@type":"PropertyValueSpecification","valueRequired":true,"valueName":"search_term_string"}}],"inLanguage":"pt-PT"},{"@type":"Person","@id":"https:\/\/www.stikets.pt\/blog\/#\/schema\/person\/54921791ff6bdc6b8b529b73dc77a8cc","name":"Stikets Company","image":{"@type":"ImageObject","inLanguage":"pt-PT","@id":"https:\/\/www.stikets.pt\/blog\/#\/schema\/person\/image\/","url":"https:\/\/secure.gravatar.com\/avatar\/86b3d46aefc695a453b1926595c486ef0daec8422a570be46b60d4ee40477c65?s=96&d=mm&r=g","contentUrl":"https:\/\/secure.gravatar.com\/avatar\/86b3d46aefc695a453b1926595c486ef0daec8422a570be46b60d4ee40477c65?s=96&d=mm&r=g","caption":"Stikets Company"},"sameAs":["http:\/\/www.stiketsfamily.pt"],"url":"https:\/\/www.stikets.pt\/blog\/author\/stikets\/"}]}},"_links":{"self":[{"href":"https:\/\/www.stikets.pt\/blog\/wp-json\/wp\/v2\/posts\/281","targetHints":{"allow":["GET"]}}],"collection":[{"href":"https:\/\/www.stikets.pt\/blog\/wp-json\/wp\/v2\/posts"}],"about":[{"href":"https:\/\/www.stikets.pt\/blog\/wp-json\/wp\/v2\/types\/post"}],"author":[{"embeddable":true,"href":"https:\/\/www.stikets.pt\/blog\/wp-json\/wp\/v2\/users\/3"}],"replies":[{"embeddable":true,"href":"https:\/\/www.stikets.pt\/blog\/wp-json\/wp\/v2\/comments?post=281"}],"version-history":[{"count":8,"href":"https:\/\/www.stikets.pt\/blog\/wp-json\/wp\/v2\/posts\/281\/revisions"}],"predecessor-version":[{"id":652,"href":"https:\/\/www.stikets.pt\/blog\/wp-json\/wp\/v2\/posts\/281\/revisions\/652"}],"wp:featuredmedia":[{"embeddable":true,"href":"https:\/\/www.stikets.pt\/blog\/wp-json\/wp\/v2\/media\/653"}],"wp:attachment":[{"href":"https:\/\/www.stikets.pt\/blog\/wp-json\/wp\/v2\/media?parent=281"}],"wp:term":[{"taxonomy":"category","embeddable":true,"href":"https:\/\/www.stikets.pt\/blog\/wp-json\/wp\/v2\/categories?post=281"},{"taxonomy":"post_tag","embeddable":true,"href":"https:\/\/www.stikets.pt\/blog\/wp-json\/wp\/v2\/tags?post=281"}],"curies":[{"name":"wp","href":"https:\/\/api.w.org\/{rel}","templated":true}]}}